{"id":927,"date":"2016-12-20T12:12:04","date_gmt":"2016-12-20T12:12:04","guid":{"rendered":"http:\/\/transcrim.pravo.unizg.hr\/?p=927"},"modified":"2016-12-20T12:13:50","modified_gmt":"2016-12-20T12:13:50","slug":"javna-rasprava-izazovi-pred-nama-korupcija-u-civilnom-drustvu-medijima-i-politici-kao-prepreka-drustvenom-razvoju-hrvatske","status":"publish","type":"post","link":"https:\/\/transcrim.pravo.unizg.hr\/index.php\/2016\/12\/20\/javna-rasprava-izazovi-pred-nama-korupcija-u-civilnom-drustvu-medijima-i-politici-kao-prepreka-drustvenom-razvoju-hrvatske\/","title":{"rendered":"Javna rasprava Izazovi pred nama \u2013 korupcija u civilnom dru\u0161tvu, medijima i politici kao prepreka dru\u0161tvenom razvoju Hrvatske"},"content":{"rendered":"<p>Javna rasprava <strong><em>Izazovi pred nama \u2013 korupcija u civilnom dru\u0161tvu, medijima i politici kao prepreka dru\u0161tvenom razvoju Hrvatske<\/em><\/strong><strong><em><br \/>\n<\/em><\/strong><br \/>\nJavna rasprava <strong><em>Izazovi pred nama \u2013 korupcija u civilnom dru\u0161tvu, medijima i politici kao prepreka dru\u0161tvenom razvoju Hrvatske<\/em><\/strong><strong><em>, <\/em><\/strong>kojoj smo prisustvovali, odr\u017eana je u petak 9. prosinca 2016. s po\u010detkom u 10 sati u zagreba\u010dkom hotelu Westin, Kr\u0161njavog 1. u organizaciji Transparency Internationala Hrvatska<strong>. <\/strong>Rasprava je okupila predstavnike institucija, udruga, medija i gra\u0111ana u zajedni\u010dkoj debati kojom se kroz diskusiju obilje\u017eio 9.12. Me\u0111unarodni dan borbe protiv korupcije i 10.12. Me\u0111unarodni dan ljudskih prava.<\/p>\n<p><strong>Prilog: <a href=\"https:\/\/transcrim.pravo.unizg.hr\/wp-content\/uploads\/2016\/12\/Poziv-na-javnu-raspravu.pdf\">Poziv na javnu raspravu<\/a><\/strong><\/p>\n<br \/>\n","protected":false},"excerpt":{"rendered":"<p>Javna rasprava Izazovi pred nama \u2013 korupcija u civilnom dru\u0161tvu, medijima i politici kao prepreka dru\u0161tvenom razvoju Hrvatske Javna rasprava Izazovi pred nama \u2013 korupcija u civilnom dru\u0161tvu, medijima i politici kao prepreka dru\u0161tvenom razvoju Hrvatske, kojoj smo prisustvovali, odr\u017eana je u petak 9. prosinca 2016. s po\u010detkom u 10 sati u zagreba\u010dkom hotelu Westin,&#8230;<\/p>\n","protected":false},"author":2,"featured_media":0,"comment_status":"closed","ping_status":"closed","sticky":false,"template":"","format":"standard","meta":{"footnotes":""},"categories":[10,5],"tags":[],"_links":{"self":[{"href":"https:\/\/transcrim.pravo.unizg.hr\/index.php\/wp-json\/wp\/v2\/posts\/927"}],"collection":[{"href":"https:\/\/transcrim.pravo.unizg.hr\/index.php\/wp-json\/wp\/v2\/posts"}],"about":[{"href":"https:\/\/transcrim.pravo.unizg.hr\/index.php\/wp-json\/wp\/v2\/types\/post"}],"author":[{"embeddable":true,"href":"https:\/\/transcrim.pravo.unizg.hr\/index.php\/wp-json\/wp\/v2\/users\/2"}],"replies":[{"embeddable":true,"href":"https:\/\/transcrim.pravo.unizg.hr\/index.php\/wp-json\/wp\/v2\/comments?post=927"}],"version-history":[{"count":0,"href":"https:\/\/transcrim.pravo.unizg.hr\/index.php\/wp-json\/wp\/v2\/posts\/927\/revisions"}],"wp:attachment":[{"href":"https:\/\/transcrim.pravo.unizg.hr\/index.php\/wp-json\/wp\/v2\/media?parent=927"}],"wp:term":[{"taxonomy":"category","embeddable":true,"href":"https:\/\/transcrim.pravo.unizg.hr\/index.php\/wp-json\/wp\/v2\/categories?post=927"},{"taxonomy":"post_tag","embeddable":true,"href":"https:\/\/transcrim.pravo.unizg.hr\/index.php\/wp-json\/wp\/v2\/tags?post=927"}],"curies":[{"name":"wp","href":"https:\/\/api.w.org\/{rel}","templated":true}]}}